{"id":8,"date":"2010-09-21T14:53:03","date_gmt":"2010-09-21T17:53:03","guid":{"rendered":"https:\/\/ifbaiano.edu.br\/napne\/?p=5"},"modified":"2014-01-13T10:46:15","modified_gmt":"2014-01-13T13:46:15","slug":"fbb-lanca-cartilha-para-portadores-de-necessidades-especiais","status":"publish","type":"post","link":"https:\/\/napne.ifbaiano.edu.br\/portal\/?p=8","title":{"rendered":"FBB- Cartilha Acessibilidade F\u00edsica"},"content":{"rendered":"<h3 style=\"text-align: center;\"><a href=\"https:\/\/napne.ifbaiano.edu.br\/portal\/wp-content\/uploads\/2010\/09\/cartilha_acessibilidade-728x1024.jpg\"><img loading=\"lazy\" class=\"alignnone size-medium wp-image-6\" title=\"cartilha_acessibilidade-728x1024\" src=\"https:\/\/napne.ifbaiano.edu.br\/portal\/wp-content\/uploads\/2010\/09\/cartilha_acessibilidade-728x1024-213x300.jpg\" alt=\"Imagem da capa da cartilha sobre acessibilidade\" width=\"213\" height=\"300\" \/><\/a><\/h3>\n<h3><a title=\"Permanent Link to FBB lan\u00e7a cartilha para portadores de &lt;br \/&gt; necessidades especiais\" rel=\"bookmark\" href=\"http:\/\/oficina.inclusaodigital.gov.br\/blog\/?p=361\" target=\"_blank\">FBB lan\u00e7a cartilha para portadores de necessidades especiais<\/a><\/h3>\n<p>Durante a 9\u00aa Oficina para a Inclus\u00e3o Digital foi lan\u00e7ada a cartilha da acessibilidade, um projeto da Funda\u00e7\u00e3o Banco do Brasil em parceria com educadores, monitores e representantes de institui\u00e7\u00f5es de apoio a deficientes. Clique\u00a0<a href=\"http:\/\/www.fbb.org.br\/upload\/biblioteca\/documentos\/1277214066046.pdf\" target=\"_blank\">aqui<\/a> para fazer o download.<\/p>\n<p>De acordo com o Censo 2000 (IBGE), existem no Brasil aproximadamente 25 milh\u00f5es de pessoas com algum tipo de defici\u00eancia, o que corresponde a 14,5% da popula\u00e7\u00e3o. Um dos desafios da sociedade \u00e9 n\u00e3o deixar essa multid\u00e3o de fora da inclus\u00e3o digital. Para isso, a preocupa\u00e7\u00e3o com a acessibilidade torna-se cada vez mais necess\u00e1ria.<\/p>\n<p>O coordenador do projeto, Paulo Nishi, conta que a iniciativa pretende mostrar a parceiros que n\u00e3o \u00e9 t\u00e3o dif\u00edcil promover a acessibilidade. Elaborada tendo como base a Conven\u00e7\u00e3o da ONU (Organiza\u00e7\u00e3o das Na\u00e7\u00f5es Unidas) sobre os direitos das pessoas com defici\u00eancia, a cartilha tem um car\u00e1ter did\u00e1tico, tornando f\u00e1cil o entendimento de quem a l\u00ea. \u201cO material tem um visual leve, com conte\u00fado amig\u00e1vel. N\u00e3o \u00e9 um apanhado de informa\u00e7\u00f5es que assusta o leitor. A cartilha d\u00e1 dicas na constru\u00e7\u00e3o do espa\u00e7o f\u00edsico, na comunica\u00e7\u00e3o interpessoal e na instala\u00e7\u00e3o de softwares livres que permitam o acesso \u00e0 inclus\u00e3o digital\u201d, explica Paulo.<\/p>\n<p>Cego desde os 14 anos, Deni Carlos Alves de Freitas participou da confec\u00e7\u00e3o da cartilha. Ele concorda que esse \u00e9 um marco na luta pela acessibilidade, mas lembra que muita coisa ainda deve ser feita. \u201cAs coisas nunca evoluem como gostar\u00edamos, mas houve um progresso muito grande. A tecnologia \u00e9 parceira da acessibilidade. Hoje existem softwares livres que auxiliam os deficientes na hora de incluir-se no mundo digital\u201d, contou.<\/p>\n<p>Fonte:\u00a0<a href=\"http:\/\/oficina.inclusaodigital.gov.br\/blog\/?p=361\" target=\"_blank\">http:\/\/oficina.inclusaodigital.gov.br\/blog\/?p=361<\/a><\/p>\n","protected":false},"excerpt":{"rendered":"<p>FBB lan\u00e7a cartilha para portadores de necessidades especiais Durante a 9\u00aa Oficina para a Inclus\u00e3o Digital foi lan\u00e7ada a cartilha da acessibilidade, um projeto da Funda\u00e7\u00e3o Banco do Brasil em parceria com educadores, monitores e representantes de institui\u00e7\u00f5es de apoio a deficientes. Clique\u00a0aqui para fazer o download. De acordo com o Censo 2000 (IBGE), existem [&hellip;]<\/p>\n","protected":false},"author":4,"featured_media":0,"comment_status":"open","ping_status":"closed","sticky":false,"template":"","format":"standard","meta":[],"categories":[4],"tags":[],"_links":{"self":[{"href":"https:\/\/napne.ifbaiano.edu.br\/portal\/index.php?rest_route=\/wp\/v2\/posts\/8"}],"collection":[{"href":"https:\/\/napne.ifbaiano.edu.br\/portal\/index.php?rest_route=\/wp\/v2\/posts"}],"about":[{"href":"https:\/\/napne.ifbaiano.edu.br\/portal\/index.php?rest_route=\/wp\/v2\/types\/post"}],"author":[{"embeddable":true,"href":"https:\/\/napne.ifbaiano.edu.br\/portal\/index.php?rest_route=\/wp\/v2\/users\/4"}],"replies":[{"embeddable":true,"href":"https:\/\/napne.ifbaiano.edu.br\/portal\/index.php?rest_route=%2Fwp%2Fv2%2Fcomments&post=8"}],"version-history":[{"count":1,"href":"https:\/\/napne.ifbaiano.edu.br\/portal\/index.php?rest_route=\/wp\/v2\/posts\/8\/revisions"}],"predecessor-version":[{"id":263,"href":"https:\/\/napne.ifbaiano.edu.br\/portal\/index.php?rest_route=\/wp\/v2\/posts\/8\/revisions\/263"}],"wp:attachment":[{"href":"https:\/\/napne.ifbaiano.edu.br\/portal\/index.php?rest_route=%2Fwp%2Fv2%2Fmedia&parent=8"}],"wp:term":[{"taxonomy":"category","embeddable":true,"href":"https:\/\/napne.ifbaiano.edu.br\/portal\/index.php?rest_route=%2Fwp%2Fv2%2Fcategories&post=8"},{"taxonomy":"post_tag","embeddable":true,"href":"https:\/\/napne.ifbaiano.edu.br\/portal\/index.php?rest_route=%2Fwp%2Fv2%2Ftags&post=8"}],"curies":[{"name":"wp","href":"https:\/\/api.w.org\/{rel}","templated":true}]}}