{"id":391,"date":"2014-05-23T11:32:46","date_gmt":"2014-05-23T14:32:46","guid":{"rendered":"https:\/\/napne.ifbaiano.edu.br\/portal\/?p=391"},"modified":"2014-05-23T11:32:46","modified_gmt":"2014-05-23T14:32:46","slug":"fotografa-retrata-a-beleza-de-pessoas-albinas","status":"publish","type":"post","link":"https:\/\/napne.ifbaiano.edu.br\/portal\/?p=391","title":{"rendered":"Fot\u00f3grafa retrata a beleza de pessoas albinas"},"content":{"rendered":"<p>Bem longe do grupo de brancos sarados com dentes perfeitos e cabelos esvoa\u00e7antes geralmente vendidos pela publicidade e pela m\u00eddia de forma geral, existem pessoas com uma beleza singular e cuja exist\u00eancia frisa as possibilidades do corpo humano. Estas popula\u00e7\u00f5es s\u00e3o como o grupo de albinos fotografados por Sanne De Wilde&#8230; mais informa\u00e7\u00f5es no site fonte: <a href=\"http:\/\/www.mariapreta.org\/2014\/05\/fotografa-retrata-beleza-de-pessoas.html#more\">http:\/\/www.mariapreta.org\/2014\/05\/fotografa-retrata-beleza-de-pessoas.html#more<\/a><\/p>\n<p><a href=\"https:\/\/napne.ifbaiano.edu.br\/portal\/wp-content\/uploads\/2014\/05\/albino-interna.jpg\"><img loading=\"lazy\" class=\"aligncenter size-medium wp-image-392\" alt=\"pessoas albinas foto\" src=\"https:\/\/napne.ifbaiano.edu.br\/portal\/wp-content\/uploads\/2014\/05\/albino-interna-300x180.jpg\" width=\"300\" height=\"180\" srcset=\"https:\/\/napne.ifbaiano.edu.br\/portal\/wp-content\/uploads\/2014\/05\/albino-interna-300x180.jpg 300w, https:\/\/napne.ifbaiano.edu.br\/portal\/wp-content\/uploads\/2014\/05\/albino-interna.jpg 1000w\" sizes=\"(max-width: 300px) 100vw, 300px\" \/><\/a><\/p>\n","protected":false},"excerpt":{"rendered":"<p>Bem longe do grupo de brancos sarados com dentes perfeitos e cabelos esvoa\u00e7antes geralmente vendidos pela publicidade e pela m\u00eddia de forma geral, existem pessoas com uma beleza singular e cuja exist\u00eancia frisa as possibilidades do corpo humano. Estas popula\u00e7\u00f5es s\u00e3o como o grupo de albinos fotografados por Sanne De Wilde&#8230; mais informa\u00e7\u00f5es no site [&hellip;]<\/p>\n","protected":false},"author":3,"featured_media":0,"comment_status":"open","ping_status":"open","sticky":false,"template":"","format":"standard","meta":[],"categories":[5],"tags":[],"_links":{"self":[{"href":"https:\/\/napne.ifbaiano.edu.br\/portal\/index.php?rest_route=\/wp\/v2\/posts\/391"}],"collection":[{"href":"https:\/\/napne.ifbaiano.edu.br\/portal\/index.php?rest_route=\/wp\/v2\/posts"}],"about":[{"href":"https:\/\/napne.ifbaiano.edu.br\/portal\/index.php?rest_route=\/wp\/v2\/types\/post"}],"author":[{"embeddable":true,"href":"https:\/\/napne.ifbaiano.edu.br\/portal\/index.php?rest_route=\/wp\/v2\/users\/3"}],"replies":[{"embeddable":true,"href":"https:\/\/napne.ifbaiano.edu.br\/portal\/index.php?rest_route=%2Fwp%2Fv2%2Fcomments&post=391"}],"version-history":[{"count":1,"href":"https:\/\/napne.ifbaiano.edu.br\/portal\/index.php?rest_route=\/wp\/v2\/posts\/391\/revisions"}],"predecessor-version":[{"id":393,"href":"https:\/\/napne.ifbaiano.edu.br\/portal\/index.php?rest_route=\/wp\/v2\/posts\/391\/revisions\/393"}],"wp:attachment":[{"href":"https:\/\/napne.ifbaiano.edu.br\/portal\/index.php?rest_route=%2Fwp%2Fv2%2Fmedia&parent=391"}],"wp:term":[{"taxonomy":"category","embeddable":true,"href":"https:\/\/napne.ifbaiano.edu.br\/portal\/index.php?rest_route=%2Fwp%2Fv2%2Fcategories&post=391"},{"taxonomy":"post_tag","embeddable":true,"href":"https:\/\/napne.ifbaiano.edu.br\/portal\/index.php?rest_route=%2Fwp%2Fv2%2Ftags&post=391"}],"curies":[{"name":"wp","href":"https:\/\/api.w.org\/{rel}","templated":true}]}}