{"id":388,"date":"2014-05-20T14:02:09","date_gmt":"2014-05-20T17:02:09","guid":{"rendered":"https:\/\/napne.ifbaiano.edu.br\/portal\/?p=388"},"modified":"2014-05-20T14:02:09","modified_gmt":"2014-05-20T17:02:09","slug":"primeiro-telefone-braille-do-mundo-comeca-a-ser-comercializado","status":"publish","type":"post","link":"https:\/\/napne.ifbaiano.edu.br\/portal\/?p=388","title":{"rendered":"Primeiro telefone Braille do mundo come\u00e7a a ser comercializado"},"content":{"rendered":"<p>Nesta sexta-feira- 16, a empresa OwnFone anunciou o primeiro telefone Braille do mundo. De acordo com a Companhia, o telefone pode ser personalizado, pois a parte da frente e de tr\u00e1s do telefone foi constru\u00edda usando t\u00e9cnicas de impress\u00e3o 3D.<\/p>\n<p>Mais informa\u00e7\u00f5es na fonte: <a href=\"http:\/\/pt.kioskea.net\/news\/23596-primeiro-telefone-braille-do-mundo-comeca-a-ser-comercializado\" target=\"_blank\">http:\/\/pt.kioskea.net\/news\/23596-primeiro-telefone-braille-do-mundo-comeca-a-ser-comercializado<\/a><\/p>\n<p><a href=\"https:\/\/napne.ifbaiano.edu.br\/portal\/wp-content\/uploads\/2014\/05\/23596-5376557as.png\"><img loading=\"lazy\" class=\"aligncenter size-full wp-image-389\" alt=\"23596-5376557as\" src=\"https:\/\/napne.ifbaiano.edu.br\/portal\/wp-content\/uploads\/2014\/05\/23596-5376557as.png\" width=\"200\" height=\"113\" \/><\/a><\/p>\n","protected":false},"excerpt":{"rendered":"<p>Nesta sexta-feira- 16, a empresa OwnFone anunciou o primeiro telefone Braille do mundo. De acordo com a Companhia, o telefone pode ser personalizado, pois a parte da frente e de tr\u00e1s do telefone foi constru\u00edda usando t\u00e9cnicas de impress\u00e3o 3D. Mais informa\u00e7\u00f5es na fonte: http:\/\/pt.kioskea.net\/news\/23596-primeiro-telefone-braille-do-mundo-comeca-a-ser-comercializado<\/p>\n","protected":false},"author":3,"featured_media":0,"comment_status":"open","ping_status":"open","sticky":false,"template":"","format":"standard","meta":[],"categories":[5],"tags":[],"_links":{"self":[{"href":"https:\/\/napne.ifbaiano.edu.br\/portal\/index.php?rest_route=\/wp\/v2\/posts\/388"}],"collection":[{"href":"https:\/\/napne.ifbaiano.edu.br\/portal\/index.php?rest_route=\/wp\/v2\/posts"}],"about":[{"href":"https:\/\/napne.ifbaiano.edu.br\/portal\/index.php?rest_route=\/wp\/v2\/types\/post"}],"author":[{"embeddable":true,"href":"https:\/\/napne.ifbaiano.edu.br\/portal\/index.php?rest_route=\/wp\/v2\/users\/3"}],"replies":[{"embeddable":true,"href":"https:\/\/napne.ifbaiano.edu.br\/portal\/index.php?rest_route=%2Fwp%2Fv2%2Fcomments&post=388"}],"version-history":[{"count":1,"href":"https:\/\/napne.ifbaiano.edu.br\/portal\/index.php?rest_route=\/wp\/v2\/posts\/388\/revisions"}],"predecessor-version":[{"id":390,"href":"https:\/\/napne.ifbaiano.edu.br\/portal\/index.php?rest_route=\/wp\/v2\/posts\/388\/revisions\/390"}],"wp:attachment":[{"href":"https:\/\/napne.ifbaiano.edu.br\/portal\/index.php?rest_route=%2Fwp%2Fv2%2Fmedia&parent=388"}],"wp:term":[{"taxonomy":"category","embeddable":true,"href":"https:\/\/napne.ifbaiano.edu.br\/portal\/index.php?rest_route=%2Fwp%2Fv2%2Fcategories&post=388"},{"taxonomy":"post_tag","embeddable":true,"href":"https:\/\/napne.ifbaiano.edu.br\/portal\/index.php?rest_route=%2Fwp%2Fv2%2Ftags&post=388"}],"curies":[{"name":"wp","href":"https:\/\/api.w.org\/{rel}","templated":true}]}}