{"id":355,"date":"2014-04-03T12:14:07","date_gmt":"2014-04-03T15:14:07","guid":{"rendered":"https:\/\/napne.ifbaiano.edu.br\/portal\/?p=355"},"modified":"2014-04-03T12:23:11","modified_gmt":"2014-04-03T15:23:11","slug":"dua-mundial-do-autismo","status":"publish","type":"post","link":"https:\/\/napne.ifbaiano.edu.br\/portal\/?p=355","title":{"rendered":"2 de Abril &#8211; Dia mundial da conscientiza\u00e7\u00e3o do autismo &#8211; orienta\u00e7\u00f5es de atendimento"},"content":{"rendered":"<p><b>\u00a0\u00a0\u00a0\u00a0\u00a0<b>Dia Mundial da Conscientiza\u00e7\u00e3o do Autismo<\/b><\/b><\/p>\n<p><b>Clique no link abaixo para visualizar a apresenta\u00e7\u00e3o. <\/b><\/p>\n<p><a href=\"http:\/\/prezi.com\/tepzjvvnfrue\/?utm_campaign=share&amp;utm_medium=copy\" target=\"_blank\">http:\/\/prezi.com\/tepzjvvnfrue\/?utm_campaign=share&amp;utm_medium=copy<\/a><\/p>\n<p><img loading=\"lazy\" alt=\"Tela inicial  apresenta\u00e7\u00e3o de slides\" src=\"https:\/\/napne.ifbaiano.edu.br\/portal\/wp-content\/uploads\/2014\/04\/dia-mundial-do-autismo-300x201.jpg\" width=\"300\" height=\"201\" \/>O texto da apresenta\u00e7\u00e3o tamb\u00e9m est\u00e1 dispon\u00edvel abaixo:<\/p>\n<p><strong><span style=\"color: #888888;\">O que \u00e9? E porque a data?<\/span><\/strong><\/p>\n<p style=\"text-align: left;\" align=\"CENTER\"><span style=\"color: #000000;\"><span style=\"font-family: Times New Roman, serif;\"><span style=\"font-size: medium;\">O Autismo \u00e9 um <\/span><\/span><\/span><span style=\"color: #000000;\"><span style=\"font-family: Times New Roman, serif;\"><span style=\"font-size: medium;\"><b>Transtorno Global do Desenvolvimento <\/b><\/span><\/span><\/span><span style=\"color: #000000;\"><span style=\"font-family: Times New Roman, serif;\"><span style=\"font-size: medium;\">(tamb\u00e9m cha\u00admado de Transtorno do Espectro Autista), caracterizado por altera\u00e7\u00f5es sig\u00adnificativas na <\/span><\/span><\/span><span style=\"color: #000000;\"><span style=\"font-family: Times New Roman, serif;\"><span style=\"font-size: medium;\"><b>comunica\u00e7\u00e3o<\/b><\/span><\/span><\/span><span style=\"color: #000000;\"><span style=\"font-family: Times New Roman, serif;\"><span style=\"font-size: medium;\">, na <\/span><\/span><\/span><span style=\"color: #000000;\"><span style=\"font-family: Times New Roman, serif;\"><span style=\"font-size: medium;\"><b>intera\u00e7\u00e3o social <\/b><\/span><\/span><\/span><span style=\"color: #000000;\"><span style=\"font-family: Times New Roman, serif;\"><span style=\"font-size: medium;\">e no <\/span><\/span><\/span><span style=\"color: #000000;\"><span style=\"font-family: Times New Roman, serif;\"><span style=\"font-size: medium;\"><b>comportamento<\/b><\/span><\/span><\/span><span style=\"color: #000000;\"><span style=\"font-family: Times New Roman, serif;\"><span style=\"font-size: medium;\">.\u00a0<\/span><\/span><\/span><span style=\"color: #000000;\"><span style=\"font-family: Times New Roman, serif;\"><span style=\"font-size: medium;\">\u00a0<\/span><\/span><\/span><\/p>\n<p><span style=\"font-family: Times New Roman, serif;\"><span style=\"font-size: medium;\">No dia <\/span><\/span><span style=\"color: #000000;\"><span style=\"font-family: Times New Roman, serif;\"><span style=\"font-size: medium;\">2 de Abril de 2013 foi decretado pela ONU &#8211; Organiza\u00e7\u00e3o das Na\u00e7\u00f5es Unidas a celebra\u00e7\u00e3o do <\/span><\/span><\/span><span style=\"color: #000000;\"><span style=\"font-family: Times New Roman, serif;\"><span style=\"font-size: medium;\">D<\/span><\/span><\/span><em><span style=\"color: #000000;\"><span style=\"font-family: Times New Roman, serif;\"><span style=\"font-size: medium;\">ia Mundial Da Consciencializa\u00e7\u00e3o do Autismo, onde s\u00e3o realizados em diversos pa\u00edses, atos, palestras e a\u00e7\u00f5es com intuito de diminuir o preconceito e fomentar a inclus\u00e3o de pessoas com o transtorno.<\/span><\/span><\/span><\/em><\/p>\n<p align=\"JUSTIFY\"><span style=\"font-family: Times New Roman, serif;\"><span style=\"font-size: medium;\"><span style=\"text-decoration: underline;\">Orienta\u00e7\u00f5es:<\/span><\/span><\/span><\/p>\n<p align=\"JUSTIFY\"><span style=\"font-family: Times New Roman, serif;\"><span style=\"font-size: medium;\">&#8211; Respeite o seu ritimo pr\u00f3prio de compreens\u00e3o;<\/span><\/span><\/p>\n<p align=\"JUSTIFY\"><span style=\"font-family: Times New Roman, serif;\"><span style=\"font-size: medium;\">&#8211; Organize e antecipe o que vai acontecer torando as atividades mais previs\u00edveis<\/span><\/span><\/p>\n<p align=\"JUSTIFY\"><span style=\"font-family: Times New Roman, serif;\"><span style=\"font-size: medium;\">&#8211; Negocie alguns rituais para conviver;<\/span><\/span><\/p>\n<p align=\"JUSTIFY\"><span><span style=\"color: #000000;\"><span style=\"font-family: Times New Roman, serif;\"><span style=\"font-size: medium;\">&#8211; Entenda que o autista pensa concretamente e entende de forma literal. Auxilie-o a compreender que na mesma frase pode haver v\u00e1rios sentidos;<\/span><\/span><\/span><\/span><\/p>\n<p align=\"JUSTIFY\"><span style=\"font-family: Times New Roman, serif;\"><span style=\"font-size: medium;\">&#8211; Perceba a sua pr\u00f3pria l\u00f3gica e conduta, ele(a) tem uma maneira peculiar de enfrentar a vida;<\/span><\/span><\/p>\n<p align=\"JUSTIFY\"><span style=\"font-family: Times New Roman, serif;\"><span style=\"font-size: medium;\">&#8211; Fale mais devagar para facilitar o di\u00e1logo;<\/span><\/span><\/p>\n<p align=\"JUSTIFY\"><span style=\"font-family: Times New Roman, serif;\"><span style=\"font-size: medium;\">&#8211; Tenha cuidado com o ru\u00eddo excessivo;<\/span><\/span><\/p>\n<p align=\"JUSTIFY\"><span style=\"font-family: Times New Roman, serif;\"><span style=\"font-size: medium;\">&#8211; Tenha paci\u00eancia, a compreens\u00e3o \u00e9 fundamental;<\/span><\/span><\/p>\n<p align=\"JUSTIFY\"><span style=\"font-family: Times New Roman, serif;\"><span style=\"font-size: medium;\">&#8211; Compreenda caso ele(a) se irrete facilmente por conta de alguns erros cometidos;<\/span><\/span><\/p>\n<p align=\"JUSTIFY\"><span style=\"font-family: Times New Roman, serif;\"><span style=\"font-size: medium;\">&#8211; Saiba que s\u00e3o pessoas acess\u00edveis. Seu mundo \u00e9 aberto, sem dissimula\u00e7\u00f5es e mentiras;<\/span><\/span><\/p>\n<p align=\"JUSTIFY\"><span style=\"font-family: Times New Roman, serif;\"><span style=\"font-size: medium;\">&#8211; O autista tamb\u00e9m gosta de jogar e divertir-se;<\/span><\/span><\/p>\n<p align=\"JUSTIFY\"><span style=\"font-family: Times New Roman, serif;\"><span style=\"font-size: medium;\">&#8211; Entenda suas dificuldades e saiba que \u00e9 poss\u00edvel ser uma pessoa aut\u00f4noma;<\/span><\/span><\/p>\n<p align=\"JUSTIFY\"><span><span style=\"color: #000000;\"><span style=\"font-family: Times New Roman, serif;\"><span style=\"font-size: medium;\">&#8211; Permita que desempenhe tarefas com suas pr\u00f3prias habilidades;<\/span><\/span><\/span><\/span><\/p>\n<p>&nbsp;<\/p>\n","protected":false},"excerpt":{"rendered":"<p>\u00a0\u00a0\u00a0\u00a0\u00a0Dia Mundial da Conscientiza\u00e7\u00e3o do Autismo Clique no link abaixo para visualizar a apresenta\u00e7\u00e3o. http:\/\/prezi.com\/tepzjvvnfrue\/?utm_campaign=share&amp;utm_medium=copy O texto da apresenta\u00e7\u00e3o tamb\u00e9m est\u00e1 dispon\u00edvel abaixo: O que \u00e9? E porque a data? O Autismo \u00e9 um Transtorno Global do Desenvolvimento (tamb\u00e9m cha\u00admado de Transtorno do Espectro Autista), caracterizado por altera\u00e7\u00f5es sig\u00adnificativas na comunica\u00e7\u00e3o, na intera\u00e7\u00e3o social e [&hellip;]<\/p>\n","protected":false},"author":3,"featured_media":0,"comment_status":"open","ping_status":"open","sticky":true,"template":"","format":"standard","meta":[],"categories":[5],"tags":[],"_links":{"self":[{"href":"https:\/\/napne.ifbaiano.edu.br\/portal\/index.php?rest_route=\/wp\/v2\/posts\/355"}],"collection":[{"href":"https:\/\/napne.ifbaiano.edu.br\/portal\/index.php?rest_route=\/wp\/v2\/posts"}],"about":[{"href":"https:\/\/napne.ifbaiano.edu.br\/portal\/index.php?rest_route=\/wp\/v2\/types\/post"}],"author":[{"embeddable":true,"href":"https:\/\/napne.ifbaiano.edu.br\/portal\/index.php?rest_route=\/wp\/v2\/users\/3"}],"replies":[{"embeddable":true,"href":"https:\/\/napne.ifbaiano.edu.br\/portal\/index.php?rest_route=%2Fwp%2Fv2%2Fcomments&post=355"}],"version-history":[{"count":9,"href":"https:\/\/napne.ifbaiano.edu.br\/portal\/index.php?rest_route=\/wp\/v2\/posts\/355\/revisions"}],"predecessor-version":[{"id":365,"href":"https:\/\/napne.ifbaiano.edu.br\/portal\/index.php?rest_route=\/wp\/v2\/posts\/355\/revisions\/365"}],"wp:attachment":[{"href":"https:\/\/napne.ifbaiano.edu.br\/portal\/index.php?rest_route=%2Fwp%2Fv2%2Fmedia&parent=355"}],"wp:term":[{"taxonomy":"category","embeddable":true,"href":"https:\/\/napne.ifbaiano.edu.br\/portal\/index.php?rest_route=%2Fwp%2Fv2%2Fcategories&post=355"},{"taxonomy":"post_tag","embeddable":true,"href":"https:\/\/napne.ifbaiano.edu.br\/portal\/index.php?rest_route=%2Fwp%2Fv2%2Ftags&post=355"}],"curies":[{"name":"wp","href":"https:\/\/api.w.org\/{rel}","templated":true}]}}