{"id":346,"date":"2014-03-21T13:23:20","date_gmt":"2014-03-21T16:23:20","guid":{"rendered":"https:\/\/napne.ifbaiano.edu.br\/portal\/?p=346"},"modified":"2014-03-21T13:42:14","modified_gmt":"2014-03-21T16:42:14","slug":"21-de-marco-dia-nacional-da-sindrome-de-down","status":"publish","type":"post","link":"https:\/\/napne.ifbaiano.edu.br\/portal\/?p=346","title":{"rendered":"21 de mar\u00e7o &#8211; Dia Mundial da S\u00edndrome de Down"},"content":{"rendered":"<p><a href=\"https:\/\/napne.ifbaiano.edu.br\/portal\/wp-content\/uploads\/2014\/03\/down.jpg\"><img loading=\"lazy\" class=\"size-medium wp-image-347 alignleft\" title=\"Dia internacional da s\u00edndrome de down\" alt=\"down\" src=\"https:\/\/napne.ifbaiano.edu.br\/portal\/wp-content\/uploads\/2014\/03\/down-300x224.jpg\" width=\"300\" height=\"224\" srcset=\"https:\/\/napne.ifbaiano.edu.br\/portal\/wp-content\/uploads\/2014\/03\/down-300x224.jpg 300w, https:\/\/napne.ifbaiano.edu.br\/portal\/wp-content\/uploads\/2014\/03\/down.jpg 403w\" sizes=\"(max-width: 300px) 100vw, 300px\" \/><img loading=\"lazy\" class=\"size-medium wp-image-348 aligncenter\" title=\"Dia s\u00edndrome de down\" alt=\"526065_273507076060567_150372445040698_596154_1986992961_n\" src=\"https:\/\/napne.ifbaiano.edu.br\/portal\/wp-content\/uploads\/2014\/03\/526065_273507076060567_150372445040698_596154_1986992961_n-300x225.jpg\" width=\"300\" height=\"225\" srcset=\"https:\/\/napne.ifbaiano.edu.br\/portal\/wp-content\/uploads\/2014\/03\/526065_273507076060567_150372445040698_596154_1986992961_n-300x225.jpg 300w, https:\/\/napne.ifbaiano.edu.br\/portal\/wp-content\/uploads\/2014\/03\/526065_273507076060567_150372445040698_596154_1986992961_n.jpg 400w\" sizes=\"(max-width: 300px) 100vw, 300px\" \/><\/a><\/p>\n<p><strong>Vamos refletir sobre a imensa riqueza de possibilidades que a diversidade nos traz\u00a0 !!!!!<\/strong><\/p>\n<p>Vejam o v\u00eddeo da campanha da Saatchi &amp; Saatchi,\u00a0 a ag\u00eancia aproveitou um e-mail enviado por uma futura m\u00e3e para criar a nova campanha da CoorDown, organiza\u00e7\u00e3o nacional de apoio \u00e0 S\u00edndrome de Down no link abaixo:<\/p>\n<p><a href=\"http:\/\/www.youtube.com\/watch?v=Ju-q4OnBtNU\">http:\/\/www.youtube.com\/watch?v=Ju-q4OnBtNU<\/a><\/p>\n","protected":false},"excerpt":{"rendered":"<p>Vamos refletir sobre a imensa riqueza de possibilidades que a diversidade nos traz\u00a0 !!!!! Vejam o v\u00eddeo da campanha da Saatchi &amp; Saatchi,\u00a0 a ag\u00eancia aproveitou um e-mail enviado por uma futura m\u00e3e para criar a nova campanha da CoorDown, organiza\u00e7\u00e3o nacional de apoio \u00e0 S\u00edndrome de Down no link abaixo: http:\/\/www.youtube.com\/watch?v=Ju-q4OnBtNU<\/p>\n","protected":false},"author":3,"featured_media":0,"comment_status":"open","ping_status":"open","sticky":true,"template":"","format":"standard","meta":[],"categories":[5],"tags":[],"_links":{"self":[{"href":"https:\/\/napne.ifbaiano.edu.br\/portal\/index.php?rest_route=\/wp\/v2\/posts\/346"}],"collection":[{"href":"https:\/\/napne.ifbaiano.edu.br\/portal\/index.php?rest_route=\/wp\/v2\/posts"}],"about":[{"href":"https:\/\/napne.ifbaiano.edu.br\/portal\/index.php?rest_route=\/wp\/v2\/types\/post"}],"author":[{"embeddable":true,"href":"https:\/\/napne.ifbaiano.edu.br\/portal\/index.php?rest_route=\/wp\/v2\/users\/3"}],"replies":[{"embeddable":true,"href":"https:\/\/napne.ifbaiano.edu.br\/portal\/index.php?rest_route=%2Fwp%2Fv2%2Fcomments&post=346"}],"version-history":[{"count":4,"href":"https:\/\/napne.ifbaiano.edu.br\/portal\/index.php?rest_route=\/wp\/v2\/posts\/346\/revisions"}],"predecessor-version":[{"id":352,"href":"https:\/\/napne.ifbaiano.edu.br\/portal\/index.php?rest_route=\/wp\/v2\/posts\/346\/revisions\/352"}],"wp:attachment":[{"href":"https:\/\/napne.ifbaiano.edu.br\/portal\/index.php?rest_route=%2Fwp%2Fv2%2Fmedia&parent=346"}],"wp:term":[{"taxonomy":"category","embeddable":true,"href":"https:\/\/napne.ifbaiano.edu.br\/portal\/index.php?rest_route=%2Fwp%2Fv2%2Fcategories&post=346"},{"taxonomy":"post_tag","embeddable":true,"href":"https:\/\/napne.ifbaiano.edu.br\/portal\/index.php?rest_route=%2Fwp%2Fv2%2Ftags&post=346"}],"curies":[{"name":"wp","href":"https:\/\/api.w.org\/{rel}","templated":true}]}}