{"id":321,"date":"2014-01-27T09:37:51","date_gmt":"2014-01-27T12:37:51","guid":{"rendered":"https:\/\/napne.ifbaiano.edu.br\/portal\/?p=321"},"modified":"2014-01-27T10:05:09","modified_gmt":"2014-01-27T13:05:09","slug":"politica-da-diversidade-e-inclusao-do-if-baiano","status":"publish","type":"post","link":"https:\/\/napne.ifbaiano.edu.br\/portal\/?p=321","title":{"rendered":"Pol\u00edtica da Diversidade e Inclus\u00e3o do IF Baiano"},"content":{"rendered":"<p align=\"CENTER\"><span style=\"font-size: medium;\">Aprovada pela Resolu\u00e7\u00e3o n\u00b012 \u2013 Conselho Superior\/IF Baiano, 09 de outubro de 2012<\/span><\/p>\n<p align=\"CENTER\">Para sua aprecia\u00e7\u00e3o a Pol\u00edtica da Diversidade e Inclus\u00e3o do IF Baiano:<\/p>\n<p align=\"CENTER\"><a href=\"https:\/\/napne.ifbaiano.edu.br\/portal\/wp-content\/uploads\/2013\/08\/Pol\u00edtica-da-Diversidade-e-Inclus\u00e3o-do-IF-Baiano-Acess\u00edvel.odt\">Pol\u00edtica da Diversidade e Inclus\u00e3o do IF Baiano Acess\u00edvel<\/a><\/p>\n<p align=\"CENTER\"><a href=\"https:\/\/napne.ifbaiano.edu.br\/portal\/wp-content\/uploads\/2013\/08\/Pol%C3%ADtica-da-Diversidade-e-Inclus%C3%A3o-do-IF-Baiano-Acess%C3%ADvel.odt\"><img loading=\"lazy\" class=\"aligncenter size-medium wp-image-326\" alt=\"Capturar\" src=\"https:\/\/napne.ifbaiano.edu.br\/portal\/wp-content\/uploads\/2014\/01\/Capturar-216x300.jpg\" width=\"216\" height=\"300\" srcset=\"https:\/\/napne.ifbaiano.edu.br\/portal\/wp-content\/uploads\/2014\/01\/Capturar-216x300.jpg 216w, https:\/\/napne.ifbaiano.edu.br\/portal\/wp-content\/uploads\/2014\/01\/Capturar.jpg 398w\" sizes=\"(max-width: 216px) 100vw, 216px\" \/><\/a><\/p>\n","protected":false},"excerpt":{"rendered":"<p>Aprovada pela Resolu\u00e7\u00e3o n\u00b012 \u2013 Conselho Superior\/IF Baiano, 09 de outubro de 2012 Para sua aprecia\u00e7\u00e3o a Pol\u00edtica da Diversidade e Inclus\u00e3o do IF Baiano: Pol\u00edtica da Diversidade e Inclus\u00e3o do IF Baiano Acess\u00edvel<\/p>\n","protected":false},"author":3,"featured_media":0,"comment_status":"open","ping_status":"open","sticky":false,"template":"","format":"standard","meta":[],"categories":[5],"tags":[9],"_links":{"self":[{"href":"https:\/\/napne.ifbaiano.edu.br\/portal\/index.php?rest_route=\/wp\/v2\/posts\/321"}],"collection":[{"href":"https:\/\/napne.ifbaiano.edu.br\/portal\/index.php?rest_route=\/wp\/v2\/posts"}],"about":[{"href":"https:\/\/napne.ifbaiano.edu.br\/portal\/index.php?rest_route=\/wp\/v2\/types\/post"}],"author":[{"embeddable":true,"href":"https:\/\/napne.ifbaiano.edu.br\/portal\/index.php?rest_route=\/wp\/v2\/users\/3"}],"replies":[{"embeddable":true,"href":"https:\/\/napne.ifbaiano.edu.br\/portal\/index.php?rest_route=%2Fwp%2Fv2%2Fcomments&post=321"}],"version-history":[{"count":7,"href":"https:\/\/napne.ifbaiano.edu.br\/portal\/index.php?rest_route=\/wp\/v2\/posts\/321\/revisions"}],"predecessor-version":[{"id":331,"href":"https:\/\/napne.ifbaiano.edu.br\/portal\/index.php?rest_route=\/wp\/v2\/posts\/321\/revisions\/331"}],"wp:attachment":[{"href":"https:\/\/napne.ifbaiano.edu.br\/portal\/index.php?rest_route=%2Fwp%2Fv2%2Fmedia&parent=321"}],"wp:term":[{"taxonomy":"category","embeddable":true,"href":"https:\/\/napne.ifbaiano.edu.br\/portal\/index.php?rest_route=%2Fwp%2Fv2%2Fcategories&post=321"},{"taxonomy":"post_tag","embeddable":true,"href":"https:\/\/napne.ifbaiano.edu.br\/portal\/index.php?rest_route=%2Fwp%2Fv2%2Ftags&post=321"}],"curies":[{"name":"wp","href":"https:\/\/api.w.org\/{rel}","templated":true}]}}