{"id":238,"date":"2014-01-08T15:38:12","date_gmt":"2014-01-08T18:38:12","guid":{"rendered":"https:\/\/napne.ifbaiano.edu.br\/portal\/?p=238"},"modified":"2014-01-13T12:14:24","modified_gmt":"2014-01-13T15:14:24","slug":"artigo-a-construcao-do-conceito-de-tecnologia-assistiva-alguns-novos-interrogantes-e-desafios","status":"publish","type":"post","link":"https:\/\/napne.ifbaiano.edu.br\/portal\/?p=238","title":{"rendered":"A constru\u00e7\u00e3o do conceito de tecnologia assistiva: alguns novos interrogantes e desafios"},"content":{"rendered":"<div><span style=\"color: #080000; font-family: Arial;\">ARTIGO:<\/span><\/div>\n<div><\/div>\n<div><span style=\"color: #080000; font-family: Arial; font-size: x-large;\"><strong>A constru\u00e7\u00e3o do conceito de tecnologia assistiva: alguns novos interrogantes e desafios<\/strong><\/span><\/div>\n<div><\/div>\n<div><span style=\"color: #080000; font-family: Arial;\">GALV\u00c3O FILHO, T. A. A constru\u00e7\u00e3o do conceito de Tecnologia Assistiva: alguns novos interrogantes e desafios. In: <strong>Revista Entreideias: Educa\u00e7\u00e3o, Cultura e Sociedade<\/strong>, Salvador: Faculdade de Educa\u00e7\u00e3o da Universidade Federal da Bahia &#8211; FACED\/UFBA, v. 2, n. 1, p. 25-42, jan.\/jun. 2013. <\/span><\/div>\n<div><\/div>\n<div><\/div>\n<div><span style=\"color: #080000; font-family: Arial;\"><strong><span style=\"font-size: large;\">Dispon\u00edvel em: <\/span><\/strong><a title=\"http:\/\/www.galvaofilho.net\/TA_desafios.htm&lt;br \/&gt;&lt;br \/&gt;&lt;br \/&gt;\nCTRL + Clique para seguir o link\" href=\"http:\/\/www.galvaofilho.net\/TA_desafios.htm\" target=\"_blank\"><strong><span style=\"font-size: large;\" title=\"http:\/\/www.galvaofilho.net\/TA_desafios.htm&lt;br \/&gt;&lt;br \/&gt;&lt;br \/&gt;\nCTRL + Clique para seguir o link\">www.galvaofilho.net\/TA_desafios.htm<\/span><\/strong><\/a> <\/span><\/div>\n<div><\/div>\n<div><\/div>\n<div>REVISTA ENTREIDEIAS &#8211; FACED\/Universidade Federal da Bahia<\/div>\n<div><\/div>\n<div><\/div>\n<div><a href=\"http:\/\/www.galvaofilho.net\" target=\"_blank\">www.galvaofilho.net<\/a><\/div>\n","protected":false},"excerpt":{"rendered":"<p>ARTIGO: A constru\u00e7\u00e3o do conceito de tecnologia assistiva: alguns novos interrogantes e desafios GALV\u00c3O FILHO, T. A. A constru\u00e7\u00e3o do conceito de Tecnologia Assistiva: alguns novos interrogantes e desafios. In: Revista Entreideias: Educa\u00e7\u00e3o, Cultura e Sociedade, Salvador: Faculdade de Educa\u00e7\u00e3o da Universidade Federal da Bahia &#8211; FACED\/UFBA, v. 2, n. 1, p. 25-42, jan.\/jun. 2013. [&hellip;]<\/p>\n","protected":false},"author":3,"featured_media":0,"comment_status":"open","ping_status":"open","sticky":false,"template":"","format":"standard","meta":[],"categories":[3],"tags":[],"_links":{"self":[{"href":"https:\/\/napne.ifbaiano.edu.br\/portal\/index.php?rest_route=\/wp\/v2\/posts\/238"}],"collection":[{"href":"https:\/\/napne.ifbaiano.edu.br\/portal\/index.php?rest_route=\/wp\/v2\/posts"}],"about":[{"href":"https:\/\/napne.ifbaiano.edu.br\/portal\/index.php?rest_route=\/wp\/v2\/types\/post"}],"author":[{"embeddable":true,"href":"https:\/\/napne.ifbaiano.edu.br\/portal\/index.php?rest_route=\/wp\/v2\/users\/3"}],"replies":[{"embeddable":true,"href":"https:\/\/napne.ifbaiano.edu.br\/portal\/index.php?rest_route=%2Fwp%2Fv2%2Fcomments&post=238"}],"version-history":[{"count":7,"href":"https:\/\/napne.ifbaiano.edu.br\/portal\/index.php?rest_route=\/wp\/v2\/posts\/238\/revisions"}],"predecessor-version":[{"id":251,"href":"https:\/\/napne.ifbaiano.edu.br\/portal\/index.php?rest_route=\/wp\/v2\/posts\/238\/revisions\/251"}],"wp:attachment":[{"href":"https:\/\/napne.ifbaiano.edu.br\/portal\/index.php?rest_route=%2Fwp%2Fv2%2Fmedia&parent=238"}],"wp:term":[{"taxonomy":"category","embeddable":true,"href":"https:\/\/napne.ifbaiano.edu.br\/portal\/index.php?rest_route=%2Fwp%2Fv2%2Fcategories&post=238"},{"taxonomy":"post_tag","embeddable":true,"href":"https:\/\/napne.ifbaiano.edu.br\/portal\/index.php?rest_route=%2Fwp%2Fv2%2Ftags&post=238"}],"curies":[{"name":"wp","href":"https:\/\/api.w.org\/{rel}","templated":true}]}}