{"id":18,"date":"2010-09-21T15:35:28","date_gmt":"2010-09-21T15:35:28","guid":{"rendered":"https:\/\/ifbaiano.edu.br\/napne\/?p=18"},"modified":"2010-09-21T15:35:28","modified_gmt":"2010-09-21T15:35:28","slug":"deficiencias-mario-quintana","status":"publish","type":"post","link":"https:\/\/napne.ifbaiano.edu.br\/portal\/?p=18","title":{"rendered":"Defici\u00eancias &#8211; M\u00e1rio Quintana"},"content":{"rendered":"<div id=\"_mcePaste\" style=\"text-align: center;\"><a href=\"https:\/\/napne.ifbaiano.edu.br\/portal\/wp-content\/uploads\/2010\/09\/quintana.jpg\"><img loading=\"lazy\" class=\"alignnone size-medium wp-image-19\" title=\"quintana\" src=\"https:\/\/napne.ifbaiano.edu.br\/portal\/wp-content\/uploads\/2010\/09\/quintana-268x300.jpg\" alt=\"Foto do escritor M\u00e1rio Quintana.\" width=\"268\" height=\"300\" srcset=\"https:\/\/napne.ifbaiano.edu.br\/portal\/wp-content\/uploads\/2010\/09\/quintana-268x300.jpg 268w, https:\/\/napne.ifbaiano.edu.br\/portal\/wp-content\/uploads\/2010\/09\/quintana-915x1024.jpg 915w, https:\/\/napne.ifbaiano.edu.br\/portal\/wp-content\/uploads\/2010\/09\/quintana.jpg 963w\" sizes=\"(max-width: 268px) 100vw, 268px\" \/><\/a><\/div>\n<div style=\"text-align: center;\"><strong>Defici\u00eancias &#8211; M\u00e1rio Quintana<\/strong><\/div>\n<div>&#8220;Deficiente&#8221; \u00e9 aquele que n\u00e3o consegue modificar sua vida, aceitando as imposi\u00e7\u00f5es de outras pessoas ou da sociedade em que vive, sem ter consci\u00eancia de que \u00e9 dono do seu destino.<\/div>\n<div>&#8220;Louco&#8221; \u00e9 quem n\u00e3o procura ser feliz com o que possui.<\/div>\n<div>&#8220;Cego&#8221; \u00e9 aquele que n\u00e3o v\u00ea seu pr\u00f3ximo morrer de frio, de fome, de mis\u00e9ria. E s\u00f3 tem olhos para seus m\u00edseros problemas e pequenas dores.<\/div>\n<div>&#8220;Surdo&#8221; \u00e9 aquele que n\u00e3o tem tempo de ouvir um desabafo de um amigo, ou o apelo de um irm\u00e3o. Pois est\u00e1 sempre apressado para o trabalho e quer garantir seus tost\u00f5es no fim do m\u00eas.<\/div>\n<div>&#8220;Mudo&#8221; \u00e9 aquele que n\u00e3o consegue falar o que sente e se esconde por tr\u00e1s da m\u00e1scara da hipocrisia.<\/div>\n<div>&#8220;Paral\u00edtico&#8221; \u00e9 quem n\u00e3o consegue andar na dire\u00e7\u00e3o daqueles que precisam de sua ajuda.<\/div>\n<div>&#8220;Diab\u00e9tico&#8221; \u00e9 quem n\u00e3o consegue ser doce.<\/div>\n<div>&#8220;An\u00e3o&#8221; \u00e9 quem n\u00e3o sabe deixar o amor crescer.<\/div>\n<div>E, finalmente, a pior das defici\u00eancias \u00e9 ser miser\u00e1vel, pois<\/div>\n<div id=\"_mcePaste\">&#8220;Miser\u00e1veis&#8221; s\u00e3o todos que n\u00e3o conseguem falar com Deus.<\/div>\n<div id=\"_mcePaste\">&#8220;A amizade \u00e9 um amor que nunca morre.&#8221;<\/div>\n","protected":false},"excerpt":{"rendered":"<p>Defici\u00eancias &#8211; M\u00e1rio Quintana &#8220;Deficiente&#8221; \u00e9 aquele que n\u00e3o consegue modificar sua vida, aceitando as imposi\u00e7\u00f5es de outras pessoas ou da sociedade em que vive, sem ter consci\u00eancia de que \u00e9 dono do seu destino. &#8220;Louco&#8221; \u00e9 quem n\u00e3o procura ser feliz com o que possui. &#8220;Cego&#8221; \u00e9 aquele que n\u00e3o v\u00ea seu pr\u00f3ximo morrer [&hellip;]<\/p>\n","protected":false},"author":4,"featured_media":0,"comment_status":"open","ping_status":"closed","sticky":false,"template":"","format":"standard","meta":[],"categories":[4],"tags":[8],"_links":{"self":[{"href":"https:\/\/napne.ifbaiano.edu.br\/portal\/index.php?rest_route=\/wp\/v2\/posts\/18"}],"collection":[{"href":"https:\/\/napne.ifbaiano.edu.br\/portal\/index.php?rest_route=\/wp\/v2\/posts"}],"about":[{"href":"https:\/\/napne.ifbaiano.edu.br\/portal\/index.php?rest_route=\/wp\/v2\/types\/post"}],"author":[{"embeddable":true,"href":"https:\/\/napne.ifbaiano.edu.br\/portal\/index.php?rest_route=\/wp\/v2\/users\/4"}],"replies":[{"embeddable":true,"href":"https:\/\/napne.ifbaiano.edu.br\/portal\/index.php?rest_route=%2Fwp%2Fv2%2Fcomments&post=18"}],"version-history":[{"count":0,"href":"https:\/\/napne.ifbaiano.edu.br\/portal\/index.php?rest_route=\/wp\/v2\/posts\/18\/revisions"}],"wp:attachment":[{"href":"https:\/\/napne.ifbaiano.edu.br\/portal\/index.php?rest_route=%2Fwp%2Fv2%2Fmedia&parent=18"}],"wp:term":[{"taxonomy":"category","embeddable":true,"href":"https:\/\/napne.ifbaiano.edu.br\/portal\/index.php?rest_route=%2Fwp%2Fv2%2Fcategories&post=18"},{"taxonomy":"post_tag","embeddable":true,"href":"https:\/\/napne.ifbaiano.edu.br\/portal\/index.php?rest_route=%2Fwp%2Fv2%2Ftags&post=18"}],"curies":[{"name":"wp","href":"https:\/\/api.w.org\/{rel}","templated":true}]}}