{"id":169,"date":"2013-05-15T19:18:51","date_gmt":"2013-05-15T22:18:51","guid":{"rendered":"https:\/\/ifbaiano.edu.br\/napne\/?p=169"},"modified":"2014-01-13T10:44:04","modified_gmt":"2014-01-13T13:44:04","slug":"legislacao-em-audio","status":"publish","type":"post","link":"https:\/\/napne.ifbaiano.edu.br\/portal\/?p=169","title":{"rendered":"Legisla\u00e7\u00e3o em \u00e1udio"},"content":{"rendered":"<div id=\"content\">\n<h1>Legisla\u00e7\u00e3o em \u00c1udio<\/h1>\n<p>Link p\u00e1gina da c\u00e2mara dos deputados <a href=\"http:\/\/www2.camara.leg.br\/responsabilidade-social\/acessibilidade\/constituicaoaudio.html\">http:\/\/www2.camara.leg.br\/responsabilidade-social\/acessibilidade\/constituicaoaudio.html<\/a><\/p>\n<div id=\"parent-fieldname-text\">\n<ul>\n<li>Constitui\u00e7\u00e3o Federal<\/li>\n<li>Estatuto da Crian\u00e7a e do Adolescente<\/li>\n<li>Legisla\u00e7\u00e3o sobre o Idoso &amp; Acessibilidade<\/li>\n<li>Lei Maria da Penha<\/li>\n<li>Regime jur\u00eddico dos servidores p\u00fablicos civis da Uni\u00e3o, das autarquias e das funda\u00e7\u00f5es p\u00fablicas federais<\/li>\n<li>C\u00f3digo de Defesa do Consumidor<\/li>\n<li>Conven\u00e7\u00e3o sobre os Direitos das Pessoas com Defici\u00eancia<\/li>\n<li><a href=\"http:\/\/www.tse.jus.br\/legislacao\/legislacao-eleitoral-em-audio\/codigo-eleitoral\">C\u00f3digo Eleitoral<\/a> (parceria entre a C\u00e2mara e o Tribunal Superior Eleitoral)<\/li>\n<li><a href=\"http:\/\/www.tse.jus.br\/legislacao\/legislacao-eleitoral-em-audio\/lei-de-inelegibilidade-em-audio\">Lei de Inelegibilidade<\/a> (parceria entre a C\u00e2mara e o Tribunal Superior Eleitoral)<\/li>\n<li><a href=\"http:\/\/www.tse.jus.br\/legislacao\/legislacao-eleitoral-em-audio\/lei-das-eleicoes-em-audio\">Lei das Elei\u00e7\u00f5es<\/a> (parceria entre a C\u00e2mara e o Tribunal Superior Eleitoral)<\/li>\n<\/ul>\n<\/div>\n<\/div>\n","protected":false},"excerpt":{"rendered":"<p>Legisla\u00e7\u00e3o em \u00c1udio Link p\u00e1gina da c\u00e2mara dos deputados http:\/\/www2.camara.leg.br\/responsabilidade-social\/acessibilidade\/constituicaoaudio.html Constitui\u00e7\u00e3o Federal Estatuto da Crian\u00e7a e do Adolescente Legisla\u00e7\u00e3o sobre o Idoso &amp; Acessibilidade Lei Maria da Penha Regime jur\u00eddico dos servidores p\u00fablicos civis da Uni\u00e3o, das autarquias e das funda\u00e7\u00f5es p\u00fablicas federais C\u00f3digo de Defesa do Consumidor Conven\u00e7\u00e3o sobre os Direitos das Pessoas com [&hellip;]<\/p>\n","protected":false},"author":4,"featured_media":0,"comment_status":"open","ping_status":"open","sticky":false,"template":"","format":"standard","meta":[],"categories":[5],"tags":[],"_links":{"self":[{"href":"https:\/\/napne.ifbaiano.edu.br\/portal\/index.php?rest_route=\/wp\/v2\/posts\/169"}],"collection":[{"href":"https:\/\/napne.ifbaiano.edu.br\/portal\/index.php?rest_route=\/wp\/v2\/posts"}],"about":[{"href":"https:\/\/napne.ifbaiano.edu.br\/portal\/index.php?rest_route=\/wp\/v2\/types\/post"}],"author":[{"embeddable":true,"href":"https:\/\/napne.ifbaiano.edu.br\/portal\/index.php?rest_route=\/wp\/v2\/users\/4"}],"replies":[{"embeddable":true,"href":"https:\/\/napne.ifbaiano.edu.br\/portal\/index.php?rest_route=%2Fwp%2Fv2%2Fcomments&post=169"}],"version-history":[{"count":1,"href":"https:\/\/napne.ifbaiano.edu.br\/portal\/index.php?rest_route=\/wp\/v2\/posts\/169\/revisions"}],"predecessor-version":[{"id":237,"href":"https:\/\/napne.ifbaiano.edu.br\/portal\/index.php?rest_route=\/wp\/v2\/posts\/169\/revisions\/237"}],"wp:attachment":[{"href":"https:\/\/napne.ifbaiano.edu.br\/portal\/index.php?rest_route=%2Fwp%2Fv2%2Fmedia&parent=169"}],"wp:term":[{"taxonomy":"category","embeddable":true,"href":"https:\/\/napne.ifbaiano.edu.br\/portal\/index.php?rest_route=%2Fwp%2Fv2%2Fcategories&post=169"},{"taxonomy":"post_tag","embeddable":true,"href":"https:\/\/napne.ifbaiano.edu.br\/portal\/index.php?rest_route=%2Fwp%2Fv2%2Ftags&post=169"}],"curies":[{"name":"wp","href":"https:\/\/api.w.org\/{rel}","templated":true}]}}