{"id":11,"date":"2010-09-21T15:00:53","date_gmt":"2010-09-21T15:00:53","guid":{"rendered":"https:\/\/ifbaiano.edu.br\/napne\/?p=11"},"modified":"2010-09-21T15:00:53","modified_gmt":"2010-09-21T15:00:53","slug":"artigo-como-chamar-as-pessoas-que-tem-deficiencia","status":"publish","type":"post","link":"https:\/\/napne.ifbaiano.edu.br\/portal\/?p=11","title":{"rendered":"Artigo: Como chamar as pessoas que t\u00eam defici\u00eancia?"},"content":{"rendered":"<p style=\"text-align: center;\">Como chamar as pessoas que t\u00eam defici\u00eancia? <strong>*<\/strong><\/p>\n<p style=\"text-align: center;\">\n<p style=\"text-align: center;\">Romeu Kazumi Sassaki <strong>**<\/strong><\/p>\n<p style=\"text-align: center;\">S\u00e3o Paulo, janeiro de 2005.<\/p>\n<p style=\"text-align: center;\">\n<p><strong>*<\/strong><strong> <\/strong>A primeira vers\u00e3o desta mat\u00e9ria foi publicada no livreto de Romeu Sassaki: <em>Vida Independente: hist\u00f3ria, movimento, lideran\u00e7a, conceito, filosofia e fundamentos.<\/em> S\u00e3o Paulo: RNR, 2003, p. 12-16.<\/p>\n<p><strong>** <\/strong>Consultor de inclus\u00e3o social. E-mail: <a href=\"mailto:romeukf@uol.com.br\">romeukf@uol.com.br<\/a>. Autor do livro <em>Inclus\u00e3o: Construindo uma Sociedade para Todos <\/em>(3.ed., Rio de Janeiro: Editora WVA, 1999) e do livro <em>Inclus\u00e3o no Lazer e Turismo: Em Busca da Qualidade de Vida<\/em> (S\u00e3o Paulo: \u00c1urea, 2003). Co-autor do livro <em>Trabalho e Defici\u00eancia Mental: Perspectivas Atuais<\/em> (Bras\u00edlia: Apae-DF, 2003) e do livro <em>Inclus\u00e3o d\u00e1 Trabalho<\/em> (Belo Horizonte: Armaz\u00e9m de Id\u00e9ias, 2000)<\/p>\n<p>Em todas as \u00e9pocas e localidades, a pergunta que n\u00e3o quer calar-se tem sido esta, com alguma varia\u00e7\u00e3o: \u201cQual \u00e9 o termo correto &#8211; portador de defici\u00eancia, pessoa portadora de defici\u00eancia ou portador de necessidades especiais?\u201d\u00a0 Responder esta pergunta t\u00e3o simples \u00e9 simplesmente trabalhoso, por incr\u00edvel que possa parecer.<\/p>\n<p>Comecemos por deixar bem claro que jamais houve ou haver\u00e1 um \u00fanico termo correto, v\u00e1lido definitivamente em todos os tempos e espa\u00e7os, ou seja, latitudinal e longitudinalmente. A raz\u00e3o disto reside no fato de que a cada \u00e9poca s\u00e3o utilizados termos cujo significado seja compat\u00edvel com os valores vigentes em cada sociedade enquanto esta evolui em seu relacionamento com as pessoas que possuem este ou aquele tipo de defici\u00eancia.<\/p>\n<p>Percorramos, mesmo que superficialmente, a trajet\u00f3ria dos termos utilizados ao longo da hist\u00f3ria da aten\u00e7\u00e3o \u00e0s pessoas com defici\u00eancia, no Brasil.<\/p>\n<table border=\"1\" cellspacing=\"0\" cellpadding=\"0\">\n<tbody>\n<tr>\n<td width=\"205\" valign=\"top\">\u00c9POCA<\/td>\n<td width=\"205\" valign=\"top\">TERMOS E SIGNIFICADOS<\/td>\n<td width=\"205\" valign=\"top\">VALOR DA PESSOA<\/td>\n<\/tr>\n<tr>\n<td width=\"205\" valign=\"top\"><strong> <\/strong><\/p>\n<p><strong>No come\u00e7o da hist\u00f3ria, durante s\u00e9culos.<\/strong><\/p>\n<p>Romances, nomes de institui\u00e7\u00f5es, leis, m\u00eddia e outros   meios mencionavam \u201cos inv\u00e1lidos\u201d. Exemplos: \u201cA reabilita\u00e7\u00e3o profissional visa   a proporcionar aos benefici\u00e1rios inv\u00e1lidos &#8230;\u201d (Decreto federal n\u00ba 60.501,   de 14\/3\/67, dando nova reda\u00e7\u00e3o ao Decreto n\u00ba 48.959-A, de 19\/9\/60).<\/td>\n<td width=\"205\" valign=\"top\"><strong> <\/strong><\/p>\n<p><strong>\u201cos inv\u00e1lidos\u201d<\/strong>. O termo significava \u201c<span style=\"text-decoration: underline;\">indiv\u00edduos sem valor<\/span>\u201d. Em   pleno s\u00e9culo 20, ainda se utilizava este termo, embora j\u00e1 sem nenhum sentido   pejorativo.<\/p>\n<p>Outro exemplo:<\/p>\n<p>\u201cInv\u00e1lidos insatisfeitos com   lei relativa aos ambulantes\u201d (<em>Di\u00e1rio Popular<\/em>, 21\/4\/76).<\/td>\n<td width=\"205\" valign=\"top\">\n<p>Aquele que tinha defici\u00eancia   era tido como socialmente in\u00fatil, um peso morto para a sociedade, um fardo   para a fam\u00edlia, algu\u00e9m sem valor profissional.<\/p>\n<p>Outros exemplos:<\/p>\n<p>\u201cServidor inv\u00e1lido pode   voltar\u201d (<em>Folha de S. Paulo<\/em>, 20\/7\/82).<\/p>\n<p>\u201cOs cegos e o inv\u00e1lido\u201d (<em>Isto\u00c9<\/em>,   7\/7\/99).<\/td>\n<\/tr>\n<\/tbody>\n<\/table>\n<table border=\"1\" cellspacing=\"0\" cellpadding=\"0\">\n<tbody>\n<tr>\n<td width=\"205\" valign=\"top\">\u00c9POCA<\/td>\n<td width=\"205\" valign=\"top\">TERMOS E SIGNIFICADOS<\/td>\n<td width=\"205\" valign=\"top\">VALOR DA PESSOA<\/td>\n<\/tr>\n<tr>\n<td width=\"205\" valign=\"top\"><strong> <\/strong><\/p>\n<p><strong>S\u00e9culo 20 at\u00e9 <\/strong><strong>\u00b1 1960.<\/strong><\/p>\n<p>\u201cDerivativo para   incapacitados\u201d (<em>Shopping News<\/em>, Coluna Radioamadorismo, 1973).<\/p>\n<p>\u201cEscolas para crian\u00e7as   incapazes\u201d (<em>Shopping News<\/em>, 13\/12\/64).<\/p>\n<p>Ap\u00f3s a I e a II Guerras   Mundiais, a m\u00eddia usava o termo assim: \u201cA guerra produziu incapacitados\u201d, \u201cOs   incapacitados agora exigem reabilita\u00e7\u00e3o f\u00edsica\u201d.<\/td>\n<td width=\"205\" valign=\"top\"><strong> <\/strong><\/p>\n<p><strong>\u201cos incapacitados\u201d<\/strong>. O termo significava, de in\u00edcio, \u201c<span style=\"text-decoration: underline;\">indiv\u00edduos sem   capacidade<\/span>\u201d e, mais tarde, evoluiu e passou a significar \u201c<span style=\"text-decoration: underline;\">indiv\u00edduos   com capacidade residual<\/span>\u201d. Durante v\u00e1rias d\u00e9cadas, era comum o uso deste   termo para designar pessoas com defici\u00eancia de qualquer idade. Uma varia\u00e7\u00e3o   foi o termo<strong> \u201cos incapazes\u201d<\/strong>, que significava \u201c<span style=\"text-decoration: underline;\">indiv\u00edduos que n\u00e3o s\u00e3o   capazes<\/span>\u201d de fazer algumas coisas por causa da defici\u00eancia que tinham.<\/td>\n<td width=\"205\" valign=\"top\">\n<p>Foi um avan\u00e7o da sociedade   reconhecer que a pessoa com defici\u00eancia poderia ter capacidade residual,   mesmo que reduzida.<\/p>\n<p>Mas, ao mesmo tempo,   considerava-se que a defici\u00eancia, qualquer que fosse o tipo, eliminava ou   reduzia a capacidade da pessoa em <span style=\"text-decoration: underline;\">todos<\/span> os aspectos: f\u00edsico,   psicol\u00f3gico, social, profissional etc.<\/td>\n<\/tr>\n<tr>\n<td width=\"205\" valign=\"top\"><strong> <\/strong><\/p>\n<p><strong>De <\/strong><strong>\u00b1 1960 at\u00e9 <\/strong><strong>\u00b1 1980.<\/strong><\/p>\n<p>\u201cCrian\u00e7as defeituosas na   Gr\u00e3-Bretanha tem educa\u00e7\u00e3o especial\u201d\u00a0 (<em>Shopping   News<\/em>, 31\/8\/65).<\/p>\n<p>No final da d\u00e9cada de 50,   foi fundada a Associa\u00e7\u00e3o de Assist\u00eancia \u00e0 Crian\u00e7a <span style=\"text-decoration: underline;\">Defeituosa<\/span> \u2013 AACD   (hoje denominada Associa\u00e7\u00e3o de Assist\u00eancia \u00e0 Crian\u00e7a Deficiente).<\/p>\n<p>Na d\u00e9cada de 50 surgiram as   primeiras unidades da Associa\u00e7\u00e3o de Pais e Amigos dos <span style=\"text-decoration: underline;\">Excepcionais<\/span> &#8211;   Apae.<\/td>\n<td width=\"205\" valign=\"top\"><strong> <\/strong><\/p>\n<p><strong>\u201cos defeituosos\u201d<\/strong>.\u00a0 O termo significava   \u201c<span style=\"text-decoration: underline;\">indiv\u00edduos com deformidade<\/span>\u201d (principalmente f\u00edsica).<\/p>\n<p><strong>\u201cos deficientes\u201d<\/strong>. Este termo significava \u201c<span style=\"text-decoration: underline;\">indiv\u00edduos com defici\u00eancia<\/span>\u201d   f\u00edsica, intelectual, auditiva, visual ou m\u00faltipla, que os levava a executar   as fun\u00e7\u00f5es b\u00e1sicas de vida (andar, sentar-se, correr, escrever, tomar banho   etc.) de uma forma diferente daquela como as pessoas sem defici\u00eancia faziam.   E isto come\u00e7ou a ser aceito pela sociedade.<\/p>\n<p><strong>\u201cos excepcionais\u201d<\/strong>. O termo significava \u201c<span style=\"text-decoration: underline;\">indiv\u00edduos   com defici\u00eancia intelectual<\/span>\u201d.<\/td>\n<td width=\"205\" valign=\"top\">\n<p>A sociedade passou a utilizar   estes tr\u00eas termos, que focalizam as defici\u00eancias em si sem refor\u00e7arem o que   as pessoas n\u00e3o conseguiam fazer como a maioria.<\/p>\n<p>Simultaneamente, difundia-se   o movimento em defesa dos direitos das pessoas superdotadas (express\u00e3o   substitu\u00edda por \u201cpessoas com altas habilidades\u201d ou \u201cpessoas com ind\u00edcios de   altas habilidades\u201d). O movimento mostrou que o termo \u201cos excepcionais\u201d n\u00e3o   poderia referir-se exclusivamente aos que tinham defici\u00eancia intelectual,   pois as pessoas com superdota\u00e7\u00e3o tamb\u00e9m s\u00e3o excepcionais por estarem na outra   ponta da curva da intelig\u00eancia humana.<\/td>\n<\/tr>\n<\/tbody>\n<\/table>\n<table border=\"1\" cellspacing=\"0\" cellpadding=\"0\">\n<tbody>\n<tr>\n<td width=\"205\" valign=\"top\">\u00c9POCA<\/td>\n<td width=\"205\" valign=\"top\">TERMOS E SIGNIFICADOS<\/td>\n<td width=\"205\" valign=\"top\">VALOR DA PESSOA<\/td>\n<\/tr>\n<tr>\n<td width=\"205\" valign=\"top\">\n<h1>De 1981 at\u00e9 \u00b1 1987.<\/h1>\n<p>Por press\u00e3o das organiza\u00e7\u00f5es   de pessoas com defici\u00eancia, a ONU deu o nome de \u201cAno Internacional das <span style=\"text-decoration: underline;\">Pessoas<\/span> Deficientes\u201d ao ano de 1981.<\/p>\n<p>E o mundo achou dif\u00edcil   come\u00e7ar a dizer ou escrever \u201c<span style=\"text-decoration: underline;\">pessoas<\/span> deficientes\u201d. O impacto desta   terminologia foi profundo e ajudou a melhorar a imagem destas pessoas.<\/td>\n<td width=\"205\" valign=\"top\"><strong>\u201cpessoas deficientes\u201d<\/strong>. Pela primeira vez em todo o mundo, o substantivo   \u201cdeficientes\u201d (como em \u201cos deficientes\u201d) passou a ser utilizado como   adjetivo, sendo-lhe acrescentado o substantivo \u201cpessoas\u201d.<\/p>\n<p>A partir de 1981, <span style=\"text-decoration: underline;\">nunca   mais<\/span> se utilizou a palavra \u201cindiv\u00edduos\u201d para se referir \u00e0s pessoas com   defici\u00eancia.<\/td>\n<td width=\"205\" valign=\"top\">Foi atribu\u00eddo o valor \u201cpessoas\u201d   \u00e0queles que tinham defici\u00eancia, igualando-os em direitos e dignidade \u00e0   maioria dos membros de qualquer sociedade ou pa\u00eds.<\/p>\n<p>A Organiza\u00e7\u00e3o Mundial de   Sa\u00fade (OMS) lan\u00e7ou em 1980 a <em>Classifica\u00e7\u00e3o Internacional de <span style=\"text-decoration: underline;\">Impedimentos<\/span>,   <span style=\"text-decoration: underline;\">Defici\u00eancias<\/span> e <span style=\"text-decoration: underline;\">Incapacidades<\/span><\/em>, mostrando que estas tr\u00eas   dimens\u00f5es existem simultaneamente em cada pessoa com defici\u00eancia.<\/td>\n<\/tr>\n<tr>\n<td width=\"205\" valign=\"top\"><strong>De <\/strong><strong>\u00b1 1988 at\u00e9 <\/strong><strong>\u00b1 1993.<\/strong><\/p>\n<p>Alguns l\u00edderes de   organiza\u00e7\u00f5es de pessoas com defici\u00eancia contestaram o termo \u201cpessoa   deficiente\u201d alegando que ele sinaliza que a pessoa inteira \u00e9 deficiente, o   que era inaceit\u00e1vel para eles.<\/td>\n<td width=\"205\" valign=\"top\"><strong>\u201cpessoas portadoras de defici\u00eancia\u201d<\/strong>. Termo que,   utilizado somente em pa\u00edses de l\u00edngua portuguesa, foi proposto para   substituir o termo \u201cpessoas deficientes\u201d.<\/p>\n<p>Pela lei do menor esfor\u00e7o, logo reduziram este termo   para \u201cportadores de defici\u00eancia\u201d.<\/td>\n<td width=\"205\" valign=\"top\">O \u201cportar uma defici\u00eancia\u201d   passou a ser um valor agregado \u00e0 pessoa. A defici\u00eancia passou a ser um   detalhe da pessoa. O termo foi adotado nas Constitui\u00e7\u00f5es federal e estaduais   e em todas as leis e pol\u00edticas pertinentes ao campo das defici\u00eancias.   Conselhos, coordenadorias e associa\u00e7\u00f5es passaram a incluir o termo em seus   nomes oficiais.<\/td>\n<\/tr>\n<tr>\n<td width=\"205\" valign=\"top\"><strong> <\/strong><\/p>\n<p><strong>De <\/strong><strong>\u00b1 1990 at\u00e9 hoje.<\/strong><\/p>\n<p>O art. 5\u00b0 da Resolu\u00e7\u00e3o CNE\/CEB n\u00b0 2, de 11\/9\/01, explica que as necessidades especiais   decorrem de tr\u00eas situa\u00e7\u00f5es, uma das quais envolvendo dificuldades vinculadas   a defici\u00eancias e dificuldades n\u00e3o-vinculadas a uma causa org\u00e2nica.<\/td>\n<td width=\"205\" valign=\"top\"><strong> <\/strong><\/p>\n<p><strong>\u201cpessoas com necessidades   especiais\u201d<\/strong>.\u00a0 O termo surgiu primeiramente para   substituir \u201cdefici\u00eancia\u201d por \u201cnecessidades especiais\u201d. da\u00ed a express\u00e3o <strong>\u201cportadores   de necessidades especiais\u201d<\/strong>. Depois, esse termo passou a ter significado   pr\u00f3prio sem substituir o nome \u201cpessoas com defici\u00eancia\u201d.<\/td>\n<td width=\"205\" valign=\"top\">\n<p>De in\u00edcio, \u201cnecessidades   especiais\u201d representava apenas um novo termo.<\/p>\n<p>Depois, com a vig\u00eancia da   Resolu\u00e7\u00e3o n\u00b0 2, \u201cnecessidades especiais\u201d   passou a ser um valor agregado tanto \u00e0 pessoa com defici\u00eancia quanto a outras   pessoas.<\/td>\n<\/tr>\n<\/tbody>\n<\/table>\n<table border=\"1\" cellspacing=\"0\" cellpadding=\"0\">\n<tbody>\n<tr>\n<td width=\"205\" valign=\"top\">\u00c9POCA<\/td>\n<td width=\"205\" valign=\"top\">TERMOS E SIGNIFICADOS<\/td>\n<td width=\"205\" valign=\"top\">VALOR DA PESSOA<\/td>\n<\/tr>\n<tr>\n<td width=\"205\" valign=\"top\"><strong>Mesma \u00e9poca acima.<\/strong><\/p>\n<p>Surgiram express\u00f5es como   \u201ccrian\u00e7as especiais\u201d, \u201calunos especiais\u201d, \u201cpacientes especiais\u201d e assim por   diante numa tentativa de amenizar a contund\u00eancia da palavra \u201cdeficientes\u201d.<\/td>\n<td width=\"205\" valign=\"top\"><strong>\u201cpessoas especiais\u201d. <\/strong>O termo apareceu como uma forma reduzida da express\u00e3o   \u201cpessoas com necessidades especiais\u201d, constituindo um eufemismo dificilmente   aceit\u00e1vel para designar um segmento populacional.\u00a0 <strong> <\/strong><\/td>\n<td width=\"205\" valign=\"top\">O adjetivo \u201cespeciais\u201d   permanece como uma simples palavra, sem agregar valor diferenciado \u00e0s pessoas   com defici\u00eancia. O \u201cespecial\u201d n\u00e3o \u00e9 qualificativo exclusivo das pessoas que   t\u00eam defici\u00eancia, pois ele se aplica a qualquer pessoa.<\/td>\n<\/tr>\n<tr>\n<td width=\"205\" valign=\"top\"><strong>Em junho de 1994.<\/strong><\/p>\n<p>A Declara\u00e7\u00e3o de Salamanca   preconiza a educa\u00e7\u00e3o inclusiva para todos, tenham ou n\u00e3o uma defici\u00eancia.<\/td>\n<td width=\"205\" valign=\"top\"><strong>\u201cpessoas com defici\u00eancia\u201d<\/strong> e pessoas sem defici\u00eancia, quando tiverem necessidades   educacionais especiais e se encontrarem segregadas, t\u00eam o direito de fazer   parte das escolas inclusivas e da sociedade inclusiva.<\/td>\n<td width=\"205\" valign=\"top\">O valor agregado \u00e0s pessoas   \u00e9 o de elas fazerem parte do grande segmento dos exclu\u00eddos que, com o seu   poder pessoal, exigem sua inclus\u00e3o em todos os aspectos da vida da sociedade.   Trata-se do empoderamento.<\/td>\n<\/tr>\n<tr>\n<td width=\"205\" valign=\"top\"><strong>Em maio de 2002.<\/strong><\/p>\n<p><strong> <\/strong><\/p>\n<p>O Frei Betto escreveu no   jornal <em>O Estado de S.Paulo<\/em> um artigo em que prop\u00f5e o termo \u201cportadores   de direitos especiais\u201d e a sigla PODE.<\/p>\n<p>Alega o proponente que o   substantivo \u201cdeficientes\u201d e o adjetivo \u201cdeficientes\u201d encerram o significado   de falha ou imperfei\u00e7\u00e3o enquanto que a sigla PODE exprime capacidade.<\/p>\n<p>O artigo, ou parte dele, foi   reproduzido em revistas especializadas em assuntos de defici\u00eancia.<\/p>\n<p><strong> <\/strong><\/td>\n<td width=\"205\" valign=\"top\"><strong>\u201cportadores de direitos   especiais\u201d. <\/strong>O termo e a sigla apresentam problemas que inviabilizam a   sua ado\u00e7\u00e3o em substitui\u00e7\u00e3o a qualquer outro termo para designar pessoas que   t\u00eam defici\u00eancia. O termo \u201cportadores\u201d j\u00e1 vem sendo questionado por sua alus\u00e3o   a \u201ccarregadores\u201d, pessoas que \u201cportam\u201d (levam) uma defici\u00eancia. O termo   \u201cdireitos especiais\u201d \u00e9 contradit\u00f3rio porque as pessoas com defici\u00eancia exigem   equipara\u00e7\u00e3o de direitos e n\u00e3o direitos especiais. E mesmo que defendessem   direitos especiais, o nome \u201cportadores de direitos especiais\u201d n\u00e3o poderia ser   exclusivo das pessoas com defici\u00eancia, pois qualquer outro grupo vulner\u00e1vel   pode reivindicar direitos especiais. <strong> <\/strong><\/td>\n<td width=\"205\" valign=\"top\">N\u00e3o h\u00e1 valor a ser agregado   com a ado\u00e7\u00e3o deste termo, por motivos expostos na coluna ao lado e nesta.<\/p>\n<p>A sigla PODE, apesar de   lembrar \u201ccapacidade\u201d, apresenta problemas de uso:<\/p>\n<p>1) Imaginem a m\u00eddia e outros   autores escrevendo ou falando assim: \u201c<em>Os Podes de Osasco ter\u00e3o audi\u00eancia   com o Prefeito<\/em>&#8230;\u201d, \u201c<em>A Pode Maria de Souza manifestou-se a favor <\/em>&#8230;\u201d,   \u201c<em>A sugest\u00e3o de Jos\u00e9 Maur\u00edcio, que \u00e9 um Pode, pode ser aprovada hoje <\/em>&#8230;\u201d<\/p>\n<p>2) Pelas normas brasileiras   de ortografia, a sigla PODE precisa ser grafada \u201cPode\u201d.<\/p>\n<p>Norma: Toda sigla com mais de 3 letras,   pronunciada como uma palavra, deve ser grafada em caixa baixa com exce\u00e7\u00e3o da   letra inicial.<\/td>\n<\/tr>\n<\/tbody>\n<\/table>\n<table border=\"1\" cellspacing=\"0\" cellpadding=\"0\">\n<tbody>\n<tr>\n<td width=\"205\" valign=\"top\">\u00c9POCA<\/td>\n<td width=\"205\" valign=\"top\">TERMOS E SIGNIFICADOS<\/td>\n<td width=\"205\" valign=\"top\">VALOR DA PESSOA<\/td>\n<\/tr>\n<tr>\n<td width=\"205\" valign=\"top\"><strong>De <\/strong><strong>\u00b1 1990 at\u00e9 hoje e al\u00e9m.<\/strong><\/p>\n<p>A d\u00e9cada de 90 e a primeira   d\u00e9cada do s\u00e9culo 21 e do Terceiro Mil\u00eanio est\u00e3o sendo marcadas por eventos   mundiais, liderados por organiza\u00e7\u00f5es de pessoas com defici\u00eancia.<\/p>\n<p>A rela\u00e7\u00e3o de documentos   produzidos nesses eventos pode ser vista no final deste artigo.<\/td>\n<td width=\"205\" valign=\"top\"><strong>\u201cpessoas com defici\u00eancia\u201d<\/strong> passa a ser o termo preferido por um n\u00famero cada vez   maior de adeptos, boa parte dos quais \u00e9 constitu\u00edda por pessoas com   defici\u00eancia que, no maior evento (\u201cEncontr\u00e3o\u201d) das organiza\u00e7\u00f5es de pessoas   com defici\u00eancia, realizado no Recife em 2000, conclamaram o p\u00fablico a adotar   este termo. Elas esclareceram que n\u00e3o s\u00e3o \u201cportadoras de defici\u00eancia\u201d e que   n\u00e3o querem ser chamadas com tal nome.<\/td>\n<td width=\"205\" valign=\"top\">Os valores agregados \u00e0s   pessoas com defici\u00eancia s\u00e3o:<\/p>\n<p>1) o do empoderamento [uso   do poder pessoal para fazer escolhas, tomar decis\u00f5es e assumir o controle da   situa\u00e7\u00e3o de cada um] e<\/p>\n<p>2) o da responsabilidade de   contribuir com seus talentos para mudar a sociedade rumo \u00e0 inclus\u00e3o de todas   as pessoas, com ou sem defici\u00eancia.<\/td>\n<\/tr>\n<\/tbody>\n<\/table>\n<p>Os movimentos mundiais de pessoas com defici\u00eancia, incluindo os do Brasil, est\u00e3o debatendo o nome pelo qual elas desejam ser chamadas. Mundialmente, j\u00e1 fecharam a quest\u00e3o: querem ser chamadas de \u201cpessoas com defici\u00eancia\u201d em todos os idiomas. E esse termo faz parte do texto da <span style=\"text-decoration: underline;\">Conven\u00e7\u00e3o Internacional para Prote\u00e7\u00e3o e Promo\u00e7\u00e3o dos Direitos e da Dignidade das Pessoas com Defici\u00eancia<\/span>, a ser aprovada pela ONU em 2006 e a ser promulgada posteriormente atrav\u00e9s de lei nacional de todos os Pa\u00edses-Membros.<\/p>\n<p>Eis os princ\u00edpios b\u00e1sicos para os movimentos terem chegado ao nome \u201cpessoas com defici\u00eancia\u201d:<\/p>\n<ol>\n<li>N\u00e3o esconder ou camuflar a defici\u00eancia;<\/li>\n<li>N\u00e3o aceitar o consolo da falsa id\u00e9ia de que todo mundo tem defici\u00eancia;<\/li>\n<li>Mostrar com dignidade a realidade da defici\u00eancia;<\/li>\n<li>Valorizar as diferen\u00e7as e necessidades decorrentes da defici\u00eancia;<\/li>\n<li>Combater neologismos que tentam diluir as diferen\u00e7as, tais como \u201cpessoas com capacidades especiais\u201d, \u201cpessoas com efici\u00eancias diferentes\u201d, \u201cpessoas com habilidades diferenciadas\u201d, \u201cpessoas dEficientes\u201d, \u201cpessoas especiais\u201d, \u201c\u00e9 desnecess\u00e1rio discutir a quest\u00e3o das defici\u00eancias porque todos n\u00f3s somos imperfeitos\u201d, \u201cn\u00e3o se preocupem, agiremos como avestruzes com a cabe\u00e7a dentro da areia\u201d (i.\u00e9, \u201caceitaremos voc\u00eas sem olhar para as suas defici\u00eancias\u201d);<\/li>\n<li>Defender a igualdade entre as pessoas com defici\u00eancia e as demais pessoas em termos de direitos e dignidade, o que exige a equipara\u00e7\u00e3o de oportunidades para pessoas com defici\u00eancia atendendo \u00e0s diferen\u00e7as individuais e necessidades especiais, que n\u00e3o devem ser ignoradas;<\/li>\n<li>Identificar nas diferen\u00e7as todos os direitos que lhes s\u00e3o pertinentes e a partir da\u00ed encontrar medidas espec\u00edficas para o Estado e a sociedade diminu\u00edrem ou eliminarem as \u201crestri\u00e7\u00f5es de participa\u00e7\u00e3o\u201d (dificuldades ou incapacidades causadas pelos ambientes humano e f\u00edsico contra as pessoas com defici\u00eancia).<\/li>\n<\/ol>\n<h2>Conclus\u00e3o<\/h2>\n<p>A tend\u00eancia \u00e9 no sentido de parar de dizer ou escrever a palavra \u201cportadora\u201d (como substantivo e como adjetivo).\u00a0 A condi\u00e7\u00e3o de ter uma defici\u00eancia faz parte da pessoa e esta pessoa n\u00e3o porta sua defici\u00eancia. Ela tem uma defici\u00eancia. Tanto o verbo \u201cportar\u201d como o substantivo ou o adjetivo \u201cportadora\u201d n\u00e3o se aplicam a uma condi\u00e7\u00e3o inata ou adquirida que faz parte da pessoa. Por exemplo, n\u00e3o dizemos e nem escrevemos que uma certa pessoa \u00e9 portadora de olhos verdes ou pele morena.<\/p>\n<p>Uma pessoa s\u00f3 porta algo que ela possa n\u00e3o portar, deliberada ou casualmente. Por exemplo, uma pessoa pode portar um guarda-chuva se houver necessidade e deix\u00e1-lo em algum lugar por esquecimento ou por assim decidir. N\u00e3o se pode fazer isto com uma defici\u00eancia, \u00e9 claro.<\/p>\n<p>A quase totalidade dos documentos, a seguir mencionados, foi escrita e aprovada por organiza\u00e7\u00f5es de pessoas com defici\u00eancia que, no atual debate sobre a Conven\u00e7\u00e3o da ONU a ser aprovada em 2003, est\u00e3o chegando ao consenso quanto a adotar a express\u00e3o \u201cpessoas com defici\u00eancia\u201d em todas as suas manifesta\u00e7\u00f5es orais ou escritas.<\/p>\n<h3>Documentos do Sistema ONU<\/h3>\n<p><strong> <\/strong><\/p>\n<ul>\n<li>1990 &#8211; Declara\u00e7\u00e3o Mundial sobre Educa\u00e7\u00e3o para Todos \/ Unesco.<\/li>\n<li>1993 &#8211; Normas sobre a Equipara\u00e7\u00e3o de Oportunidades para Pessoas com Defici\u00eancia \/ ONU.<\/li>\n<li>1993 &#8211; Inclus\u00e3o Plena e Positiva de Pessoas com Defici\u00eancia em Todos os Aspectos da Sociedade \/ ONU.<\/li>\n<li>1994 &#8211; Declara\u00e7\u00e3o de Salamanca e Linhas de A\u00e7\u00e3o sobre Educa\u00e7\u00e3o para Necessidades Especiais \/ Unesco.<\/li>\n<li>1999 &#8211; Conven\u00e7\u00e3o Interamericana para Elimina\u00e7\u00e3o de Todas as Formas de Discrimina\u00e7\u00e3o contra as Pessoas Portadoras de Defici\u00eancia (Conven\u00e7\u00e3o da Guatemala) \/ OEA.<\/li>\n<li>2001 &#8211; Classifica\u00e7\u00e3o Internacional de Funcionalidade, Defici\u00eancia e Sa\u00fade (CIF) \/ OMS, que substituiu a Classifica\u00e7\u00e3o Internacional de Impedimentos, Defici\u00eancias e Incapacidades \/ OMS, de 1980.<\/li>\n<li>2004 \u2013 Declara\u00e7\u00e3o de Montreal sobre Defici\u00eancia Intelectual \/ OMS-Opas.<\/li>\n<li>Conven\u00e7\u00e3o Internacional sobre os Direitos das Pessoas com Defici\u00eancia \/ ONU (a ser aprovada em 2006).\n<ul>\n<li>1992 &#8211; Declara\u00e7\u00e3o de Vancouver.<\/li>\n<li>1993 &#8211; Declara\u00e7\u00e3o de Santiago.<\/li>\n<li>1993 &#8211; Declara\u00e7\u00e3o de Maastricht.<\/li>\n<li>1993 &#8211; Declara\u00e7\u00e3o de Man\u00e1gua.<\/li>\n<li>1999 &#8211; Carta para o Terceiro Mil\u00eanio.<\/li>\n<li>1999 &#8211; Declara\u00e7\u00e3o de Washington.<\/li>\n<li>2000 &#8211; Declara\u00e7\u00e3o de Pequim.<\/li>\n<li>2000 &#8211; Declara\u00e7\u00e3o de Manchester sobre Educa\u00e7\u00e3o Inclusiva.<\/li>\n<li>2002 &#8211; Declara\u00e7\u00e3o Internacional de Montreal sobre Inclus\u00e3o.<\/li>\n<li>2002 &#8211; Declara\u00e7\u00e3o de Madri.<\/li>\n<li>2002 &#8211; Declara\u00e7\u00e3o de Sapporo.<\/li>\n<li>2002 &#8211; Declara\u00e7\u00e3o de Caracas.<\/li>\n<li>2003 \u2013 Declara\u00e7\u00e3o de Kochi.<\/li>\n<li>2003 \u2013 Declara\u00e7\u00e3o de Quito<\/li>\n<li>2004 \u2013 Declara\u00e7\u00e3o de Montreal sobre Defici\u00eancia Intelectual.<\/li>\n<\/ul>\n<\/li>\n<\/ul>\n<h1>Documentos de outros organismos mundiais<\/h1>\n","protected":false},"excerpt":{"rendered":"<p>Como chamar as pessoas que t\u00eam defici\u00eancia? * Romeu Kazumi Sassaki ** S\u00e3o Paulo, janeiro de 2005. * A primeira vers\u00e3o desta mat\u00e9ria foi publicada no livreto de Romeu Sassaki: Vida Independente: hist\u00f3ria, movimento, lideran\u00e7a, conceito, filosofia e fundamentos. S\u00e3o Paulo: RNR, 2003, p. 12-16. ** Consultor de inclus\u00e3o social. E-mail: romeukf@uol.com.br. Autor do livro [&hellip;]<\/p>\n","protected":false},"author":4,"featured_media":0,"comment_status":"open","ping_status":"closed","sticky":false,"template":"","format":"standard","meta":[],"categories":[3],"tags":[],"_links":{"self":[{"href":"https:\/\/napne.ifbaiano.edu.br\/portal\/index.php?rest_route=\/wp\/v2\/posts\/11"}],"collection":[{"href":"https:\/\/napne.ifbaiano.edu.br\/portal\/index.php?rest_route=\/wp\/v2\/posts"}],"about":[{"href":"https:\/\/napne.ifbaiano.edu.br\/portal\/index.php?rest_route=\/wp\/v2\/types\/post"}],"author":[{"embeddable":true,"href":"https:\/\/napne.ifbaiano.edu.br\/portal\/index.php?rest_route=\/wp\/v2\/users\/4"}],"replies":[{"embeddable":true,"href":"https:\/\/napne.ifbaiano.edu.br\/portal\/index.php?rest_route=%2Fwp%2Fv2%2Fcomments&post=11"}],"version-history":[{"count":0,"href":"https:\/\/napne.ifbaiano.edu.br\/portal\/index.php?rest_route=\/wp\/v2\/posts\/11\/revisions"}],"wp:attachment":[{"href":"https:\/\/napne.ifbaiano.edu.br\/portal\/index.php?rest_route=%2Fwp%2Fv2%2Fmedia&parent=11"}],"wp:term":[{"taxonomy":"category","embeddable":true,"href":"https:\/\/napne.ifbaiano.edu.br\/portal\/index.php?rest_route=%2Fwp%2Fv2%2Fcategories&post=11"},{"taxonomy":"post_tag","embeddable":true,"href":"https:\/\/napne.ifbaiano.edu.br\/portal\/index.php?rest_route=%2Fwp%2Fv2%2Ftags&post=11"}],"curies":[{"name":"wp","href":"https:\/\/api.w.org\/{rel}","templated":true}]}}